{"id":7854,"date":"2023-10-06T17:33:15","date_gmt":"2023-10-06T15:33:15","guid":{"rendered":"https:\/\/sei.rs\/19-samit-evrope-u-organizaciji-institute-of-the-regions-of-europe-ire\/"},"modified":"2023-10-06T17:33:15","modified_gmt":"2023-10-06T15:33:15","slug":"19-samit-evrope-u-organizaciji-institute-of-the-regions-of-europe-ire","status":"publish","type":"post","link":"https:\/\/sei.rs\/en\/19-samit-evrope-u-organizaciji-institute-of-the-regions-of-europe-ire\/","title":{"rendered":"19. Samit Evrope, u organizaciji Institute of the Regions of Europe (IRE)"},"content":{"rendered":"<div class=\"wpb-content-wrapper\">[vc_row][vc_column][vc_column_text css=&#8221;&#8221;]U Salzburgu je pod nazivom \u201eEvropa: Odlazak ka novim horizontima\u201c odr\u017ean 19. Samit Evrope, u organizaciji\u00a0<a href=\"https:\/\/www.linkedin.com\/company\/institut-der-regionen-europas-ire-\/\">Institute of the Regions of Europe (IRE)<\/a>.<\/p>\n<p>Na panelu \u201eZapadni Balkan kao region budu\u0107nosti\u201c istaknute su mogu\u0107nosti investiranja kompanija u infrastrukturne oblasti, naro\u010dito u oblasti energetike.<\/p>\n<p>Me\u0111u panelistima bio je i ministar privrede i rada Austrije\u00a0<a href=\"https:\/\/www.linkedin.com\/in\/ACoAACksLcYBwafNYwRk40X474UOpreIhLDx_cI\">Martin Kocher<\/a>, kao i direktor kompanije\u00a0<a href=\"https:\/\/www.linkedin.com\/company\/seikft\/\">Smart Energy Investment Kft<\/a>,\u00a0<a href=\"https:\/\/www.linkedin.com\/in\/ACoAAAPHRsIBeO-ofm8XCJG8_1bNlTRDGaRI6Ts\">Obrad Tadic<\/a>.<\/p>\n<p>Tadi\u0107 je istakao da investitori u Evropskoj uniji treba da motivi\u0161u kompanije da ula\u017eu u projekte koji unapre\u0111uju \u017eivot gra\u0111ana i koji dovode do transfera znanja i tehnologija.<\/p>\n<p>\u201eU lokalnim samoupravama u Srbiji postoji pozitivno raspolo\u017eenje za saradnju sa kompanijama iz Evropske unije, a neki od odli\u010dnih primera jesu upravo kompanije\u00a0<a href=\"https:\/\/www.linkedin.com\/company\/zumtobel-group\/\">Zumtobel Group<\/a>\u00a0i\u00a0<a href=\"https:\/\/www.linkedin.com\/company\/palfingerag\/\">PALFINGER AG<\/a>.<\/p>\n<p>Prvog dana Konferencije, prisutnima se obratio austrijski kancelar,\u00a0<a href=\"https:\/\/www.linkedin.com\/in\/ACoAABQDy1cBCA--tqU5Je6S1VAereP0EA49liE\">Karl Nehammer, MSc<\/a>,.Me\u0111u uva\u017eenim govornicima na konferenciji bili su i ministarka za evropske integracije\u00a0<a href=\"https:\/\/www.linkedin.com\/in\/ACoAACTcw2sBEUBHMHORMYUQmEXE0XPmKhXdHKQ\">Tanja Miscevic<\/a>, kao i evropski komesar za bud\u017eet i administraciju Johanes Han.<\/p>\n<p>Pro\u010ditaj vi\u0161e na sajtu <a href=\"https:\/\/magazinbiznis.rs\/zapadni-balkan-kao-region-buducnosti\/\" target=\"_blank\" rel=\"noopener\">Magazin biznis<\/a>.[\/vc_column_text][\/vc_column][\/vc_row][vc_row][vc_column width=&#8221;1\/2&#8243;]<style>.vcex-image.vcex_69f28011eefde .vcex-image-img{border-radius:var(--wpex-rounded-xs);}<\/style><figure class=\"vcex-image vcex-module vcex_69f28011eefde\"><div class=\"vcex-image-inner wpex-relative wpex-inline-block\"><img width=\"824\" height=\"1099\" src=\"https:\/\/sei.rs\/images\/1.Obrad-i-kancelar1.jpg\" class=\"vcex-image-img wpex-align-middle\" alt=\"\" loading=\"lazy\" decoding=\"async\" srcset=\"https:\/\/sei.rs\/images\/1.Obrad-i-kancelar1.jpg 824w, https:\/\/sei.rs\/images\/1.Obrad-i-kancelar1-768x1024.jpg 768w\" sizes=\"auto, (max-width: 824px) 100vw, 824px\" \/><\/div><\/figure>[\/vc_column][vc_column width=&#8221;1\/2&#8243;]<style>.vcex-image.vcex_69f28011ef51e .vcex-image-img{border-radius:var(--wpex-rounded-xs);}<\/style><figure class=\"vcex-image vcex-module vcex_69f28011ef51e\"><div class=\"vcex-image-inner wpex-relative wpex-inline-block\"><img width=\"824\" height=\"1099\" src=\"https:\/\/sei.rs\/images\/2.Obrad-i-Han1.jpg\" class=\"vcex-image-img wpex-align-middle\" alt=\"\" loading=\"lazy\" decoding=\"async\" srcset=\"https:\/\/sei.rs\/images\/2.Obrad-i-Han1.jpg 824w, https:\/\/sei.rs\/images\/2.Obrad-i-Han1-768x1024.jpg 768w\" sizes=\"auto, (max-width: 824px) 100vw, 824px\" \/><\/div><\/figure>[\/vc_column][\/vc_row][vc_row][vc_column width=&#8221;1\/2&#8243;]<style>.vcex-image.vcex_69f28011ef968 .vcex-image-img{border-radius:var(--wpex-rounded-xs);}<\/style><figure class=\"vcex-image vcex-module vcex_69f28011ef968\"><div class=\"vcex-image-inner wpex-relative wpex-inline-block\"><img width=\"824\" height=\"1099\" src=\"https:\/\/sei.rs\/images\/3.Obrad-i-ministar-i-prof1.jpg\" class=\"vcex-image-img wpex-align-middle\" alt=\"\" loading=\"lazy\" decoding=\"async\" srcset=\"https:\/\/sei.rs\/images\/3.Obrad-i-ministar-i-prof1.jpg 824w, https:\/\/sei.rs\/images\/3.Obrad-i-ministar-i-prof1-768x1024.jpg 768w\" sizes=\"auto, (max-width: 824px) 100vw, 824px\" \/><\/div><\/figure>[\/vc_column][vc_column width=&#8221;1\/2&#8243;]<style>.vcex-image.vcex_69f28011efd96 .vcex-image-img{border-radius:var(--wpex-rounded-xs);}<\/style><figure class=\"vcex-image vcex-module vcex_69f28011efd96\"><div class=\"vcex-image-inner wpex-relative wpex-inline-block\"><img width=\"824\" height=\"1099\" src=\"https:\/\/sei.rs\/images\/4.Obrad-i-Felder-i-ministar1.jpg\" class=\"vcex-image-img wpex-align-middle\" alt=\"\" loading=\"lazy\" decoding=\"async\" srcset=\"https:\/\/sei.rs\/images\/4.Obrad-i-Felder-i-ministar1.jpg 824w, https:\/\/sei.rs\/images\/4.Obrad-i-Felder-i-ministar1-768x1024.jpg 768w\" sizes=\"auto, (max-width: 824px) 100vw, 824px\" \/><\/div><\/figure>[\/vc_column][\/vc_row][vc_row][vc_column width=&#8221;1\/2&#8243;]<style>.vcex-image.vcex_69f28011f017c .vcex-image-img{border-radius:var(--wpex-rounded-xs);}<\/style><figure class=\"vcex-image vcex-module vcex_69f28011f017c\"><div class=\"vcex-image-inner wpex-relative wpex-inline-block\"><img width=\"824\" height=\"1099\" src=\"https:\/\/sei.rs\/images\/5.Obrad-i-ministar-i-Fritz1.jpg\" class=\"vcex-image-img wpex-align-middle\" alt=\"\" loading=\"lazy\" decoding=\"async\" srcset=\"https:\/\/sei.rs\/images\/5.Obrad-i-ministar-i-Fritz1.jpg 824w, https:\/\/sei.rs\/images\/5.Obrad-i-ministar-i-Fritz1-768x1024.jpg 768w\" sizes=\"auto, (max-width: 824px) 100vw, 824px\" \/><\/div><\/figure>[\/vc_column][vc_column width=&#8221;1\/2&#8243;]<style>.vcex-image.vcex_69f28011f05f6 .vcex-image-img{border-radius:var(--wpex-rounded-xs);}<\/style><figure class=\"vcex-image vcex-module vcex_69f28011f05f6\"><div class=\"vcex-image-inner wpex-relative wpex-inline-block\"><img width=\"824\" height=\"1099\" src=\"https:\/\/sei.rs\/images\/6.Obrad-i-Miscevic-stoje1.jpg\" class=\"vcex-image-img wpex-align-middle\" alt=\"\" loading=\"lazy\" decoding=\"async\" srcset=\"https:\/\/sei.rs\/images\/6.Obrad-i-Miscevic-stoje1.jpg 824w, https:\/\/sei.rs\/images\/6.Obrad-i-Miscevic-stoje1-768x1024.jpg 768w\" sizes=\"auto, (max-width: 824px) 100vw, 824px\" \/><\/div><\/figure>[\/vc_column][\/vc_row][vc_row][vc_column width=&#8221;1\/2&#8243;]<style>.vcex-image.vcex_69f28011f0a63 .vcex-image-img{border-radius:var(--wpex-rounded-xs);}<\/style><figure class=\"vcex-image vcex-module vcex_69f28011f0a63\"><div class=\"vcex-image-inner wpex-relative wpex-inline-block\"><img width=\"824\" height=\"1099\" src=\"https:\/\/sei.rs\/images\/7.Obrad-i-Felder-i-profesor1.jpg\" class=\"vcex-image-img wpex-align-middle\" alt=\"\" loading=\"lazy\" decoding=\"async\" srcset=\"https:\/\/sei.rs\/images\/7.Obrad-i-Felder-i-profesor1.jpg 824w, https:\/\/sei.rs\/images\/7.Obrad-i-Felder-i-profesor1-768x1024.jpg 768w\" sizes=\"auto, (max-width: 824px) 100vw, 824px\" \/><\/div><\/figure>[\/vc_column][vc_column width=&#8221;1\/2&#8243;]<style>.vcex-image.vcex_69f28011f0f78 .vcex-image-img{border-radius:var(--wpex-rounded-xs);}<\/style><figure class=\"vcex-image vcex-module vcex_69f28011f0f78\"><div class=\"vcex-image-inner wpex-relative wpex-inline-block\"><img width=\"824\" height=\"1099\" src=\"https:\/\/sei.rs\/images\/8.Obrad-i-Zoran-i-profesor1.jpg\" class=\"vcex-image-img wpex-align-middle\" alt=\"\" loading=\"lazy\" decoding=\"async\" srcset=\"https:\/\/sei.rs\/images\/8.Obrad-i-Zoran-i-profesor1.jpg 824w, https:\/\/sei.rs\/images\/8.Obrad-i-Zoran-i-profesor1-768x1024.jpg 768w\" sizes=\"auto, (max-width: 824px) 100vw, 824px\" \/><\/div><\/figure>[\/vc_column][\/vc_row]\n<\/div>","protected":false},"excerpt":{"rendered":"<p>[vc_row][vc_column][vc_column_text css=&#8221;&#8221;]U Salzburgu je pod nazivom \u201eEvropa: Odlazak ka novim horizontima\u201c odr\u017ean 19. Samit Evrope, u organizaciji\u00a0Institute of the Regions of Europe (IRE). Na panelu \u201eZapadni Balkan kao region budu\u0107nosti\u201c istaknute su mogu\u0107nosti investiranja kompanija u infrastrukturne oblasti, naro\u010dito u oblasti energetike. Me\u0111u panelistima bio je i ministar privrede i rada Austrije\u00a0Martin Kocher, kao i&hellip;<\/p>\n","protected":false},"author":3,"featured_media":7268,"comment_status":"closed","ping_status":"closed","sticky":false,"template":"","format":"standard","meta":{"footnotes":""},"categories":[15],"tags":[],"class_list":["post-7854","post","type-post","status-publish","format-standard","has-post-thumbnail","hentry","category-uncategorized","entry","has-media"],"_links":{"self":[{"href":"https:\/\/sei.rs\/en\/wp-json\/wp\/v2\/posts\/7854","targetHints":{"allow":["GET"]}}],"collection":[{"href":"https:\/\/sei.rs\/en\/wp-json\/wp\/v2\/posts"}],"about":[{"href":"https:\/\/sei.rs\/en\/wp-json\/wp\/v2\/types\/post"}],"author":[{"embeddable":true,"href":"https:\/\/sei.rs\/en\/wp-json\/wp\/v2\/users\/3"}],"replies":[{"embeddable":true,"href":"https:\/\/sei.rs\/en\/wp-json\/wp\/v2\/comments?post=7854"}],"version-history":[{"count":0,"href":"https:\/\/sei.rs\/en\/wp-json\/wp\/v2\/posts\/7854\/revisions"}],"wp:featuredmedia":[{"embeddable":true,"href":"https:\/\/sei.rs\/en\/wp-json\/wp\/v2\/media\/7268"}],"wp:attachment":[{"href":"https:\/\/sei.rs\/en\/wp-json\/wp\/v2\/media?parent=7854"}],"wp:term":[{"taxonomy":"category","embeddable":true,"href":"https:\/\/sei.rs\/en\/wp-json\/wp\/v2\/categories?post=7854"},{"taxonomy":"post_tag","embeddable":true,"href":"https:\/\/sei.rs\/en\/wp-json\/wp\/v2\/tags?post=7854"}],"curies":[{"name":"wp","href":"https:\/\/api.w.org\/{rel}","templated":true}]}}