{"id":7858,"date":"2023-09-24T17:27:10","date_gmt":"2023-09-24T15:27:10","guid":{"rendered":"https:\/\/sei.rs\/u-opstini-bac-zavrsena-je-implementacija-projekta-rekonstrukcije-javnog-osvetljenja\/"},"modified":"2023-09-24T17:27:10","modified_gmt":"2023-09-24T15:27:10","slug":"u-opstini-bac-zavrsena-je-implementacija-projekta-rekonstrukcije-javnog-osvetljenja","status":"publish","type":"post","link":"https:\/\/sei.rs\/en\/u-opstini-bac-zavrsena-je-implementacija-projekta-rekonstrukcije-javnog-osvetljenja\/","title":{"rendered":"U Op\u0161tini Ba\u010d zavr\u0161ena je implementacija projekta rekonstrukcije javnog osvetljenja!"},"content":{"rendered":"<div class=\"wpb-content-wrapper\">[vc_row][vc_column][vc_column_text css=&#8221;&#8221;]U\u0161teda u potro\u0161nji elektri\u010dne energije iznosi\u0107e oko 11.333.000 kWh, \u0161to je za 15 godina trajanja ugovora smanjenje od oko 73% u odnosu na dosada\u0161nju potro\u0161nju.<\/p>\n<p>Op\u0161tina \u0107e ostvariti finansijske u\u0161tede u bud\u017eetu od najmanje 936.000 evra, dok \u0107e projektom biti smanjena emisija CO2 za oko 830 tona svake godine.<\/p>\n<p>Na teritoriji Op\u0161tine implementirano je 1.723 komada\u00a0novih\u00a0<a href=\"https:\/\/www.linkedin.com\/company\/schreder\/\"><strong>Schr\u00e9der<\/strong><\/a>\u00a0LED svetiljki koje doprinose energetski efikasnom osvetljenju du\u017e puteva, ulica i trgova.<\/p>\n<p>\u201c<em>Osim \u0161to smo osvetlili na\u0161e ulice, \u0161tedimo energiju i unapre\u0111ujemo kvalitet \u017eivota na\u0161ih gra\u0111ana<\/em>\u201c, istakao je predsednik op\u0161tine, Dr Steva Pani\u0107.<\/p>\n<p>Ba\u010d postaje svetli primer drugim lokalnim samoupravama koje \u017eele da smanje ugljeni\u010dni trag i unaprede kvalitet \u017eivota u svojoj zajednici.<\/p>\n<p>Pro\u010ditaj vi\u0161e na <a href=\"https:\/\/fermarket.rs\/opstina-bac-stedi-struju-i-novac-kroz-javno-privatno-partnerstvo\/\" target=\"_blank\" rel=\"noopener\">Fermarket sajtu.<\/a>[\/vc_column_text][\/vc_column][\/vc_row][vc_row][vc_column width=&#8221;1\/2&#8243;]<style>.vcex-image.vcex_69f19ee4bc7ff .vcex-image-img{border-radius:var(--wpex-rounded-xs);}<\/style><figure class=\"vcex-image vcex-module vcex_69f19ee4bc7ff\"><div class=\"vcex-image-inner wpex-relative wpex-inline-block\"><img width=\"800\" height=\"465\" src=\"https:\/\/sei.rs\/images\/091.jpg\" class=\"vcex-image-img wpex-align-middle\" alt=\"\" loading=\"lazy\" decoding=\"async\" srcset=\"https:\/\/sei.rs\/images\/091.jpg 800w, https:\/\/sei.rs\/images\/091-768x446.jpg 768w\" sizes=\"auto, (max-width: 800px) 100vw, 800px\" \/><\/div><\/figure>[\/vc_column][vc_column width=&#8221;1\/2&#8243;][\/vc_column][\/vc_row]\n<\/div>","protected":false},"excerpt":{"rendered":"<p>[vc_row][vc_column][vc_column_text css=&#8221;&#8221;]U\u0161teda u potro\u0161nji elektri\u010dne energije iznosi\u0107e oko 11.333.000 kWh, \u0161to je za 15 godina trajanja ugovora smanjenje od oko 73% u odnosu na dosada\u0161nju potro\u0161nju. Op\u0161tina \u0107e ostvariti finansijske u\u0161tede u bud\u017eetu od najmanje 936.000 evra, dok \u0107e projektom biti smanjena emisija CO2 za oko 830 tona svake godine. Na teritoriji Op\u0161tine implementirano je&hellip;<\/p>\n","protected":false},"author":3,"featured_media":7264,"comment_status":"closed","ping_status":"closed","sticky":false,"template":"","format":"standard","meta":{"footnotes":""},"categories":[15],"tags":[],"class_list":["post-7858","post","type-post","status-publish","format-standard","has-post-thumbnail","hentry","category-uncategorized","entry","has-media"],"_links":{"self":[{"href":"https:\/\/sei.rs\/en\/wp-json\/wp\/v2\/posts\/7858","targetHints":{"allow":["GET"]}}],"collection":[{"href":"https:\/\/sei.rs\/en\/wp-json\/wp\/v2\/posts"}],"about":[{"href":"https:\/\/sei.rs\/en\/wp-json\/wp\/v2\/types\/post"}],"author":[{"embeddable":true,"href":"https:\/\/sei.rs\/en\/wp-json\/wp\/v2\/users\/3"}],"replies":[{"embeddable":true,"href":"https:\/\/sei.rs\/en\/wp-json\/wp\/v2\/comments?post=7858"}],"version-history":[{"count":0,"href":"https:\/\/sei.rs\/en\/wp-json\/wp\/v2\/posts\/7858\/revisions"}],"wp:featuredmedia":[{"embeddable":true,"href":"https:\/\/sei.rs\/en\/wp-json\/wp\/v2\/media\/7264"}],"wp:attachment":[{"href":"https:\/\/sei.rs\/en\/wp-json\/wp\/v2\/media?parent=7858"}],"wp:term":[{"taxonomy":"category","embeddable":true,"href":"https:\/\/sei.rs\/en\/wp-json\/wp\/v2\/categories?post=7858"},{"taxonomy":"post_tag","embeddable":true,"href":"https:\/\/sei.rs\/en\/wp-json\/wp\/v2\/tags?post=7858"}],"curies":[{"name":"wp","href":"https:\/\/api.w.org\/{rel}","templated":true}]}}