{"id":7866,"date":"2023-09-12T17:18:45","date_gmt":"2023-09-12T15:18:45","guid":{"rendered":"https:\/\/sei.rs\/vazna-poseta-ceo-zumtobel-group-alfred-felder-u-smart-energy-investment-kft\/"},"modified":"2023-09-12T17:18:45","modified_gmt":"2023-09-12T15:18:45","slug":"vazna-poseta-ceo-zumtobel-group-alfred-felder-u-smart-energy-investment-kft","status":"publish","type":"post","link":"https:\/\/sei.rs\/en\/vazna-poseta-ceo-zumtobel-group-alfred-felder-u-smart-energy-investment-kft\/","title":{"rendered":"Va\u017ena Poseta: CEO Zumtobel Group Alfred Felder u Smart Energy Investment Kft"},"content":{"rendered":"<div class=\"wpb-content-wrapper\">[vc_row][vc_column][vc_column_text css=&#8221;&#8221;]Imali smo \u010dast da na\u0161u kompaniju\u00a0<a href=\"https:\/\/www.linkedin.com\/company\/seikft\/\">Smart Energy Investment Kft<\/a>\u00a0poseti gospodin\u00a0<a href=\"https:\/\/www.linkedin.com\/in\/ACoAAAJf5BcBhOMksyGpO57awzVvM2GDwM22cUA\">Alfred Felder<\/a>, CEO\u00a0<em><a href=\"https:\/\/www.linkedin.com\/company\/zumtobel-group\/\">Zumtobel Group<\/a>,<\/em>\u00a0jednog od lidera u oblasti javnog osvetljenja i inovativnih svetlotehni\u010dkih re\u0161enja.<\/p>\n<p>Gospodinu Felderu smo predstavili zajedni\u010dki\u00a0<a href=\"https:\/\/www.linkedin.com\/feed\/hashtag\/?keywords=letsseivtogether&amp;highlightedUpdateUrns=urn%3Ali%3Aactivity%3A7081965301256323073\">#letsSEIvtogether<\/a>\u00a0projekat u Op\u0161tini \u010coka, gde su implementirane\u00a0<strong>Thorn<\/strong>\u00a0LED svetiljke iz<em>\u00a0<\/em><em><a href=\"https:\/\/www.linkedin.com\/company\/zumtobel-group\/\">Zumtobel Group<\/a><\/em>\u00a0i koji je realizovan za samo dva meseca.<\/p>\n<p>Ponosni smo na na\u0161e dosada\u0161nje\u00a0<a href=\"https:\/\/www.linkedin.com\/feed\/hashtag\/?keywords=partnerstvonadelu&amp;highlightedUpdateUrns=urn%3Ali%3Aactivity%3A7081965301256323073\">#partnerstvonadelu<\/a>\u00a0sa kompanijom\u00a0<a href=\"https:\/\/www.linkedin.com\/company\/zumtobel-group\/\">Zumtobel Group<\/a>, te ovu posetu smatramo va\u017enim korakom u nastavku saradnje na projektima koji unapre\u0111uju \u017eivot u op\u0161tinama \u0161irom Srbije.[\/vc_column_text][\/vc_column][\/vc_row][vc_row][vc_column width=&#8221;1\/2&#8243;]<style>.vcex-image.vcex_69f3aa3238c73 .vcex-image-img{border-radius:var(--wpex-rounded-xs);}<\/style><figure class=\"vcex-image vcex-module vcex_69f3aa3238c73\"><div class=\"vcex-image-inner wpex-relative wpex-inline-block\"><img width=\"800\" height=\"600\" src=\"https:\/\/sei.rs\/images\/041.jpg\" class=\"vcex-image-img wpex-align-middle\" alt=\"\" loading=\"lazy\" decoding=\"async\" srcset=\"https:\/\/sei.rs\/images\/041.jpg 800w, https:\/\/sei.rs\/images\/041-768x576.jpg 768w\" sizes=\"auto, (max-width: 800px) 100vw, 800px\" \/><\/div><\/figure>[\/vc_column][vc_column width=&#8221;1\/2&#8243;][\/vc_column][\/vc_row]\n<\/div>","protected":false},"excerpt":{"rendered":"<p>[vc_row][vc_column][vc_column_text css=&#8221;&#8221;]Imali smo \u010dast da na\u0161u kompaniju\u00a0Smart Energy Investment Kft\u00a0poseti gospodin\u00a0Alfred Felder, CEO\u00a0Zumtobel Group,\u00a0jednog od lidera u oblasti javnog osvetljenja i inovativnih svetlotehni\u010dkih re\u0161enja. Gospodinu Felderu smo predstavili zajedni\u010dki\u00a0#letsSEIvtogether\u00a0projekat u Op\u0161tini \u010coka, gde su implementirane\u00a0Thorn\u00a0LED svetiljke iz\u00a0Zumtobel Group\u00a0i koji je realizovan za samo dva meseca. Ponosni smo na na\u0161e dosada\u0161nje\u00a0#partnerstvonadelu\u00a0sa kompanijom\u00a0Zumtobel Group, te ovu posetu&hellip;<\/p>\n","protected":false},"author":3,"featured_media":7258,"comment_status":"closed","ping_status":"closed","sticky":false,"template":"","format":"standard","meta":{"footnotes":""},"categories":[15],"tags":[],"class_list":["post-7866","post","type-post","status-publish","format-standard","has-post-thumbnail","hentry","category-uncategorized","entry","has-media"],"_links":{"self":[{"href":"https:\/\/sei.rs\/en\/wp-json\/wp\/v2\/posts\/7866","targetHints":{"allow":["GET"]}}],"collection":[{"href":"https:\/\/sei.rs\/en\/wp-json\/wp\/v2\/posts"}],"about":[{"href":"https:\/\/sei.rs\/en\/wp-json\/wp\/v2\/types\/post"}],"author":[{"embeddable":true,"href":"https:\/\/sei.rs\/en\/wp-json\/wp\/v2\/users\/3"}],"replies":[{"embeddable":true,"href":"https:\/\/sei.rs\/en\/wp-json\/wp\/v2\/comments?post=7866"}],"version-history":[{"count":0,"href":"https:\/\/sei.rs\/en\/wp-json\/wp\/v2\/posts\/7866\/revisions"}],"wp:featuredmedia":[{"embeddable":true,"href":"https:\/\/sei.rs\/en\/wp-json\/wp\/v2\/media\/7258"}],"wp:attachment":[{"href":"https:\/\/sei.rs\/en\/wp-json\/wp\/v2\/media?parent=7866"}],"wp:term":[{"taxonomy":"category","embeddable":true,"href":"https:\/\/sei.rs\/en\/wp-json\/wp\/v2\/categories?post=7866"},{"taxonomy":"post_tag","embeddable":true,"href":"https:\/\/sei.rs\/en\/wp-json\/wp\/v2\/tags?post=7866"}],"curies":[{"name":"wp","href":"https:\/\/api.w.org\/{rel}","templated":true}]}}