{"id":7868,"date":"2023-09-10T17:17:25","date_gmt":"2023-09-10T15:17:25","guid":{"rendered":"https:\/\/sei.rs\/poseta-prijatelja-iz-instituta-regiona-evrope\/"},"modified":"2023-09-10T17:17:25","modified_gmt":"2023-09-10T15:17:25","slug":"poseta-prijatelja-iz-instituta-regiona-evrope","status":"publish","type":"post","link":"https:\/\/sei.rs\/en\/poseta-prijatelja-iz-instituta-regiona-evrope\/","title":{"rendered":"Poseta prijatelja iz Instituta regiona Evrope"},"content":{"rendered":"<div class=\"wpb-content-wrapper\">[vc_row][vc_column][vc_column_text css=&#8221;&#8221;]Veoma smo srec\u0301ni i po\u010dastvovani \u0161to su nas posetili na\u0161i dragi prijatelji prof. Franc \u0160ausberger i Stefan Habek iz\u00a0<a href=\"https:\/\/www.linkedin.com\/company\/institut-der-regionen-europas-ire-\/\">Instituta regiona Evrope (IRE)<\/a>!<\/p>\n<p>Topla dobrodo\u0161lica dr Gerhardu \u0160vi\u0161eju, novinaru Salzburger Nachrichten![\/vc_column_text][\/vc_column][\/vc_row][vc_row][vc_column width=&#8221;1\/2&#8243;]<style>.vcex-image.vcex_69f3ab4ca1e3e .vcex-image-img{border-radius:var(--wpex-rounded-xs);}<\/style><figure class=\"vcex-image vcex-module vcex_69f3ab4ca1e3e\"><div class=\"vcex-image-inner wpex-relative wpex-inline-block\"><img width=\"800\" height=\"600\" src=\"https:\/\/sei.rs\/images\/03-11.jpg\" class=\"vcex-image-img wpex-align-middle\" alt=\"\" loading=\"lazy\" decoding=\"async\" srcset=\"https:\/\/sei.rs\/images\/03-11.jpg 800w, https:\/\/sei.rs\/images\/03-11-768x576.jpg 768w\" sizes=\"auto, (max-width: 800px) 100vw, 800px\" \/><\/div><\/figure>[\/vc_column][vc_column width=&#8221;1\/2&#8243;]<style>.vcex-image.vcex_69f3ab4ca2b6c .vcex-image-img{border-radius:var(--wpex-rounded-xs);}<\/style><figure class=\"vcex-image vcex-module vcex_69f3ab4ca2b6c\"><div class=\"vcex-image-inner wpex-relative wpex-inline-block\"><img width=\"800\" height=\"600\" src=\"https:\/\/sei.rs\/images\/03-21.jpg\" class=\"vcex-image-img wpex-align-middle\" alt=\"\" loading=\"lazy\" decoding=\"async\" srcset=\"https:\/\/sei.rs\/images\/03-21.jpg 800w, https:\/\/sei.rs\/images\/03-21-768x576.jpg 768w\" sizes=\"auto, (max-width: 800px) 100vw, 800px\" \/><\/div><\/figure>[\/vc_column][\/vc_row]\n<\/div>","protected":false},"excerpt":{"rendered":"<p>[vc_row][vc_column][vc_column_text css=&#8221;&#8221;]Veoma smo srec\u0301ni i po\u010dastvovani \u0161to su nas posetili na\u0161i dragi prijatelji prof. Franc \u0160ausberger i Stefan Habek iz\u00a0Instituta regiona Evrope (IRE)! Topla dobrodo\u0161lica dr Gerhardu \u0160vi\u0161eju, novinaru Salzburger Nachrichten![\/vc_column_text][\/vc_column][\/vc_row][vc_row][vc_column width=&#8221;1\/2&#8243;][\/vc_column][vc_column width=&#8221;1\/2&#8243;][\/vc_column][\/vc_row]<\/p>\n","protected":false},"author":3,"featured_media":7254,"comment_status":"closed","ping_status":"closed","sticky":false,"template":"","format":"standard","meta":{"footnotes":""},"categories":[15],"tags":[],"class_list":["post-7868","post","type-post","status-publish","format-standard","has-post-thumbnail","hentry","category-uncategorized","entry","has-media"],"_links":{"self":[{"href":"https:\/\/sei.rs\/en\/wp-json\/wp\/v2\/posts\/7868","targetHints":{"allow":["GET"]}}],"collection":[{"href":"https:\/\/sei.rs\/en\/wp-json\/wp\/v2\/posts"}],"about":[{"href":"https:\/\/sei.rs\/en\/wp-json\/wp\/v2\/types\/post"}],"author":[{"embeddable":true,"href":"https:\/\/sei.rs\/en\/wp-json\/wp\/v2\/users\/3"}],"replies":[{"embeddable":true,"href":"https:\/\/sei.rs\/en\/wp-json\/wp\/v2\/comments?post=7868"}],"version-history":[{"count":0,"href":"https:\/\/sei.rs\/en\/wp-json\/wp\/v2\/posts\/7868\/revisions"}],"wp:featuredmedia":[{"embeddable":true,"href":"https:\/\/sei.rs\/en\/wp-json\/wp\/v2\/media\/7254"}],"wp:attachment":[{"href":"https:\/\/sei.rs\/en\/wp-json\/wp\/v2\/media?parent=7868"}],"wp:term":[{"taxonomy":"category","embeddable":true,"href":"https:\/\/sei.rs\/en\/wp-json\/wp\/v2\/categories?post=7868"},{"taxonomy":"post_tag","embeddable":true,"href":"https:\/\/sei.rs\/en\/wp-json\/wp\/v2\/tags?post=7868"}],"curies":[{"name":"wp","href":"https:\/\/api.w.org\/{rel}","templated":true}]}}