{"id":7876,"date":"2023-05-03T17:10:24","date_gmt":"2023-05-03T15:10:24","guid":{"rendered":"https:\/\/sei.rs\/projekat-jpp-za-rekonstrukciju-javnog-osvetljenja-u-zajecaru-dobitnik-posebne-pohvale-od-strane-unece-a\/"},"modified":"2023-05-03T17:10:24","modified_gmt":"2023-05-03T15:10:24","slug":"projekat-jpp-za-rekonstrukciju-javnog-osvetljenja-u-zajecaru-dobitnik-posebne-pohvale-od-strane-unece-a","status":"publish","type":"post","link":"https:\/\/sei.rs\/en\/projekat-jpp-za-rekonstrukciju-javnog-osvetljenja-u-zajecaru-dobitnik-posebne-pohvale-od-strane-unece-a\/","title":{"rendered":"Projekat JPP za rekonstrukciju javnog osvetljenja u Zaje\u010daru dobitnik posebne pohvale od strane UNECE-a"},"content":{"rendered":"<div class=\"wpb-content-wrapper\">[vc_row][vc_column][vc_column_text css=&#8221;&#8221;]U Atini je od 3. do 5. maja odr\u017ean 7. UNECE Me\u0111unarodni forum o javno-privatnom partnerstvu (JPP), kao i takmi\u010denje ,,UNECE JPP i nagrada za infrastrukturu\u201c za projekte JPP koji doprinose ciljevima odr\u017eivog razvoja i cirkularnoj ekonomiji.<\/p>\n<p>Na takmi\u010denju je u\u010destvovalo 49 projekata iz celog sveta, me\u0111u kojima i dva iz Srbije: projekat JPP za rekonstrukciju javnog osvetljenja na teritoriji grada Zaje\u010dara i projekat za poveravanje obavljanja komunalne delatnosti prevoza putnika na teritoriji grada Bora, od kojih je projekat za javno osvetljenje u Zaje\u010daru, koji je realizovao Smart Energy Investment kfT, dobio posebne pohvale od strane Me\u0111unarodnog \u017eirija zbog postizanja zna\u010dajnih u\u0161teda elektri\u010dne energije i smanjenja emisije \u0161tetnih materija u atmosferu. Ovo je prvi JPP projekat iz Srbije koji je predstavljen na jednom zna\u010dajnom skupu kome su prisustvovali svetski eminentni stru\u010dnjaci iz oblasti javno-privatnog partnerstva.<\/p>\n<p>Tema ovogodi\u0161njeg Foruma bili su aktuelni i novi izazovi, kao i moguc\u0301nosti na globalnom, nacionalnom i lokalnom nivou u oblasti JPP-a, sa fokusom na va\u017ean spoj zelenih i digitalnih transformacija i infrastrukturnim projektima koji doprinose ciljevima odr\u017eivog razvoja (SDGs).Doga\u0111aj je organizovan od strane UNECE-a, u saradnji sa Gradom Atinom, uz podr\u0161ku Vlade Gr\u010dke.[\/vc_column_text][\/vc_column][\/vc_row][vc_row][vc_column width=&#8221;1\/2&#8243;]<style>.vcex-image.vcex_69f11632aa7a7 .vcex-image-img{border-radius:var(--wpex-rounded-xs);}<\/style><figure class=\"vcex-image vcex-module vcex_69f11632aa7a7\"><div class=\"vcex-image-inner wpex-relative wpex-inline-block\"><img width=\"1200\" height=\"922\" src=\"https:\/\/sei.rs\/images\/Forum-Atina-11.jpg\" class=\"vcex-image-img wpex-align-middle\" alt=\"\" loading=\"lazy\" decoding=\"async\" srcset=\"https:\/\/sei.rs\/images\/Forum-Atina-11.jpg 1200w, https:\/\/sei.rs\/images\/Forum-Atina-11-768x590.jpg 768w\" sizes=\"auto, (max-width: 1200px) 100vw, 1200px\" \/><\/div><\/figure>[\/vc_column][vc_column width=&#8221;1\/2&#8243;]<style>.vcex-image.vcex_69f11632aad2a .vcex-image-img{border-radius:var(--wpex-rounded-xs);}<\/style><figure class=\"vcex-image vcex-module vcex_69f11632aad2a\"><div class=\"vcex-image-inner wpex-relative wpex-inline-block\"><img width=\"1200\" height=\"922\" src=\"https:\/\/sei.rs\/images\/Forum-Atina-21.jpg\" class=\"vcex-image-img wpex-align-middle\" alt=\"\" loading=\"lazy\" decoding=\"async\" srcset=\"https:\/\/sei.rs\/images\/Forum-Atina-21.jpg 1200w, https:\/\/sei.rs\/images\/Forum-Atina-21-768x590.jpg 768w\" sizes=\"auto, (max-width: 1200px) 100vw, 1200px\" \/><\/div><\/figure>[\/vc_column][\/vc_row][vc_row][vc_column width=&#8221;1\/2&#8243;]<style>.vcex-image.vcex_69f11632ab25b .vcex-image-img{border-radius:var(--wpex-rounded-xs);}<\/style><figure class=\"vcex-image vcex-module vcex_69f11632ab25b\"><div class=\"vcex-image-inner wpex-relative wpex-inline-block\"><img width=\"1200\" height=\"922\" src=\"https:\/\/sei.rs\/images\/Forum-Atina-31.jpg\" class=\"vcex-image-img wpex-align-middle\" alt=\"\" loading=\"lazy\" decoding=\"async\" srcset=\"https:\/\/sei.rs\/images\/Forum-Atina-31.jpg 1200w, https:\/\/sei.rs\/images\/Forum-Atina-31-768x590.jpg 768w\" sizes=\"auto, (max-width: 1200px) 100vw, 1200px\" \/><\/div><\/figure>[\/vc_column][vc_column width=&#8221;1\/2&#8243;][\/vc_column][\/vc_row]\n<\/div>","protected":false},"excerpt":{"rendered":"<p>[vc_row][vc_column][vc_column_text css=&#8221;&#8221;]U Atini je od 3. do 5. maja odr\u017ean 7. UNECE Me\u0111unarodni forum o javno-privatnom partnerstvu (JPP), kao i takmi\u010denje ,,UNECE JPP i nagrada za infrastrukturu\u201c za projekte JPP koji doprinose ciljevima odr\u017eivog razvoja i cirkularnoj ekonomiji. Na takmi\u010denju je u\u010destvovalo 49 projekata iz celog sveta, me\u0111u kojima i dva iz Srbije: projekat JPP&hellip;<\/p>\n","protected":false},"author":3,"featured_media":7244,"comment_status":"closed","ping_status":"closed","sticky":false,"template":"","format":"standard","meta":{"footnotes":""},"categories":[15],"tags":[],"class_list":["post-7876","post","type-post","status-publish","format-standard","has-post-thumbnail","hentry","category-uncategorized","entry","has-media"],"_links":{"self":[{"href":"https:\/\/sei.rs\/en\/wp-json\/wp\/v2\/posts\/7876","targetHints":{"allow":["GET"]}}],"collection":[{"href":"https:\/\/sei.rs\/en\/wp-json\/wp\/v2\/posts"}],"about":[{"href":"https:\/\/sei.rs\/en\/wp-json\/wp\/v2\/types\/post"}],"author":[{"embeddable":true,"href":"https:\/\/sei.rs\/en\/wp-json\/wp\/v2\/users\/3"}],"replies":[{"embeddable":true,"href":"https:\/\/sei.rs\/en\/wp-json\/wp\/v2\/comments?post=7876"}],"version-history":[{"count":0,"href":"https:\/\/sei.rs\/en\/wp-json\/wp\/v2\/posts\/7876\/revisions"}],"wp:featuredmedia":[{"embeddable":true,"href":"https:\/\/sei.rs\/en\/wp-json\/wp\/v2\/media\/7244"}],"wp:attachment":[{"href":"https:\/\/sei.rs\/en\/wp-json\/wp\/v2\/media?parent=7876"}],"wp:term":[{"taxonomy":"category","embeddable":true,"href":"https:\/\/sei.rs\/en\/wp-json\/wp\/v2\/categories?post=7876"},{"taxonomy":"post_tag","embeddable":true,"href":"https:\/\/sei.rs\/en\/wp-json\/wp\/v2\/tags?post=7876"}],"curies":[{"name":"wp","href":"https:\/\/api.w.org\/{rel}","templated":true}]}}