{"id":7886,"date":"2021-04-23T16:43:35","date_gmt":"2021-04-23T14:43:35","guid":{"rendered":"https:\/\/sei.rs\/na-teritoriji-grada-vrsca-je-2020-godine-zamenjeno-5-609-svetiljki\/"},"modified":"2021-04-23T16:43:35","modified_gmt":"2021-04-23T14:43:35","slug":"na-teritoriji-grada-vrsca-je-2020-godine-zamenjeno-5-609-svetiljki","status":"publish","type":"post","link":"https:\/\/sei.rs\/en\/na-teritoriji-grada-vrsca-je-2020-godine-zamenjeno-5-609-svetiljki\/","title":{"rendered":"Na teritoriji grada Vr\u0161ca je 2020. godine zamenjeno 5.609 svetiljki"},"content":{"rendered":"<div class=\"wpb-content-wrapper\">[vc_row][vc_column][vc_column_text css=&#8221;&#8221;]Na teritoriji grada Vr\u0161ca je 2020. godine zamenjeno 5.609 svetiljki. Ugra\u0111en je savremeni sistem za upravljanje javnim osvetljenjem i rekonstruisan je deo distributivne mre\u017ee. Potro\u0161nja elektri\u010dne energije za javno osvetljenje smanjena je sa 377.600 kWh mese\u010dno na 134.437 kWh.<\/p>\n<p><a href=\"https:\/\/www.linkedin.com\/company\/seikft?trk=public_post_share-update_update-text\" rel=\"nofollow\" data-tracking-control-name=\"public_post_share-update_update-text\" data-tracking-will-navigate=\"\">Smart Energy Investment Kft<\/a>\u00a0u\u010destvuje u realizaciji projekata koji za cilj imaju rekonstrukciju, racionalizaciju i modernizaciju javnog osvetljenja primenom mera u\u0161tede energije sa LED tehnologijom. Prilikom realizacije projekta tro\u0161kovi su smanjeni sa 4,8 miliona dinara na \u010dak 1,4 miliona dinara ve\u0107 u prvom mesecu primene novog sistema.[\/vc_column_text][\/vc_column][\/vc_row][vc_row][vc_column width=&#8221;1\/2&#8243;]<style>.vcex-image.vcex_69f22ea7282a1 .vcex-image-img{border-radius:var(--wpex-rounded-xs);}<\/style><figure class=\"vcex-image vcex-module vcex_69f22ea7282a1\"><div class=\"vcex-image-inner wpex-relative wpex-inline-block\"><img width=\"906\" height=\"513\" src=\"https:\/\/sei.rs\/images\/led-sijalice-Vrsac1.jpg\" class=\"vcex-image-img wpex-align-middle\" alt=\"\" loading=\"lazy\" decoding=\"async\" srcset=\"https:\/\/sei.rs\/images\/led-sijalice-Vrsac1.jpg 906w, https:\/\/sei.rs\/images\/led-sijalice-Vrsac1-768x435.jpg 768w\" sizes=\"auto, (max-width: 906px) 100vw, 906px\" \/><\/div><\/figure>[\/vc_column][vc_column width=&#8221;1\/2&#8243;][\/vc_column][\/vc_row]\n<\/div>","protected":false},"excerpt":{"rendered":"<p>[vc_row][vc_column][vc_column_text css=&#8221;&#8221;]Na teritoriji grada Vr\u0161ca je 2020. godine zamenjeno 5.609 svetiljki. Ugra\u0111en je savremeni sistem za upravljanje javnim osvetljenjem i rekonstruisan je deo distributivne mre\u017ee. Potro\u0161nja elektri\u010dne energije za javno osvetljenje smanjena je sa 377.600 kWh mese\u010dno na 134.437 kWh. Smart Energy Investment Kft\u00a0u\u010destvuje u realizaciji projekata koji za cilj imaju rekonstrukciju, racionalizaciju i modernizaciju&hellip;<\/p>\n","protected":false},"author":3,"featured_media":7202,"comment_status":"closed","ping_status":"closed","sticky":false,"template":"","format":"standard","meta":{"footnotes":""},"categories":[15],"tags":[],"class_list":["post-7886","post","type-post","status-publish","format-standard","has-post-thumbnail","hentry","category-uncategorized","entry","has-media"],"_links":{"self":[{"href":"https:\/\/sei.rs\/en\/wp-json\/wp\/v2\/posts\/7886","targetHints":{"allow":["GET"]}}],"collection":[{"href":"https:\/\/sei.rs\/en\/wp-json\/wp\/v2\/posts"}],"about":[{"href":"https:\/\/sei.rs\/en\/wp-json\/wp\/v2\/types\/post"}],"author":[{"embeddable":true,"href":"https:\/\/sei.rs\/en\/wp-json\/wp\/v2\/users\/3"}],"replies":[{"embeddable":true,"href":"https:\/\/sei.rs\/en\/wp-json\/wp\/v2\/comments?post=7886"}],"version-history":[{"count":0,"href":"https:\/\/sei.rs\/en\/wp-json\/wp\/v2\/posts\/7886\/revisions"}],"wp:featuredmedia":[{"embeddable":true,"href":"https:\/\/sei.rs\/en\/wp-json\/wp\/v2\/media\/7202"}],"wp:attachment":[{"href":"https:\/\/sei.rs\/en\/wp-json\/wp\/v2\/media?parent=7886"}],"wp:term":[{"taxonomy":"category","embeddable":true,"href":"https:\/\/sei.rs\/en\/wp-json\/wp\/v2\/categories?post=7886"},{"taxonomy":"post_tag","embeddable":true,"href":"https:\/\/sei.rs\/en\/wp-json\/wp\/v2\/tags?post=7886"}],"curies":[{"name":"wp","href":"https:\/\/api.w.org\/{rel}","templated":true}]}}