{"id":7908,"date":"2020-12-15T16:11:39","date_gmt":"2020-12-15T15:11:39","guid":{"rendered":"https:\/\/sei.rs\/na-teritoriji-grada-vrsca-zamenjen-je-sistem-javnog-osvetljenja\/"},"modified":"2020-12-15T16:11:39","modified_gmt":"2020-12-15T15:11:39","slug":"na-teritoriji-grada-vrsca-zamenjen-je-sistem-javnog-osvetljenja","status":"publish","type":"post","link":"https:\/\/sei.rs\/en\/na-teritoriji-grada-vrsca-zamenjen-je-sistem-javnog-osvetljenja\/","title":{"rendered":"Na teritoriji grada Vr\u0161ca zamenjen je sistem javnog osvetljenja"},"content":{"rendered":"<div class=\"wpb-content-wrapper\">[vc_row][vc_column][vc_column_text css=&#8221;&#8221;]\n<div dir=\"auto\">Na teritoriji grada Vr\u0161ca zamenjen je sistem javnog osvetljenja u okviru projekta javno-privatnog partnerstva, u kome je u\u0161estvovao\u00a0<a href=\"https:\/\/www.linkedin.com\/company\/seikft?trk=public_post_share-update_update-text\" rel=\"nofollow\" data-tracking-control-name=\"public_post_share-update_update-text\" data-tracking-will-navigate=\"\">Smart Energy Investment Kft<\/a>. Zahvaljujemo se na saradnji Gradu <a href=\"https:\/\/www.linkedin.com\/signup\/cold-join?session_redirect=https%3A%2F%2Fwww%2Elinkedin%2Ecom%2Ffeed%2Fhashtag%2FvrAgPac&amp;trk=public_post_share-update_update-text\" rel=\"nofollow\" data-tracking-control-name=\"public_post_share-update_update-text\" data-tracking-will-navigate=\"\">#Vr\u0161ac<\/a>\u00a0i\u00a0<a href=\"https:\/\/www.linkedin.com\/signup\/cold-join?session_redirect=https%3A%2F%2Fwww%2Elinkedin%2Ecom%2Ffeed%2Fhashtag%2FtehnikaadvrAgPac&amp;trk=public_post_share-update_update-text\" rel=\"nofollow\" data-tracking-control-name=\"public_post_share-update_update-text\" data-tracking-will-navigate=\"\">#TehnikaADVr\u0161ac<\/a>.<\/div>\n<div dir=\"auto\"><\/div>\n<div dir=\"auto\">Grad Vr\u0161ac \u0107e realizacijom ovog projekta na godi\u0161njem nivou u\u0161tedeti 315.838 evra. Finansijaka sredstva koja \u0107e se na ovaj na\u010din u\u0161tedeti bi\u0107e usmerena na druge potrebe Grada i njegovih gra\u0111ana. Na osnovu ovog projekta emisija CO2 i NOx \u0107e se smanjiti za 70%.<\/div>\n<div dir=\"auto\"><\/div>\n<div dir=\"auto\">Pro\u010ditaj vi\u0161e na sajtu <a href=\"https:\/\/www.novosti.rs\/srbija\/vesti\/933157\/led-sijalice-donose-ustedu-vrscu-zamenjen-kompletan-sistem-javne-rasvete\" target=\"_blank\" rel=\"noopener\">Novosti<\/a>.<\/div>\n[\/vc_column_text][\/vc_column][\/vc_row][vc_row][vc_column width=&#8221;1\/2&#8243;]<style>.vcex-image.vcex_69f3877f9fc26 .vcex-image-img{border-radius:var(--wpex-rounded-xs);}<\/style><figure class=\"vcex-image vcex-module vcex_69f3877f9fc26\"><div class=\"vcex-image-inner wpex-relative wpex-inline-block\"><img width=\"906\" height=\"513\" src=\"https:\/\/sei.rs\/images\/vrsac-osvetljenje1.jpg\" class=\"vcex-image-img wpex-align-middle\" alt=\"\" loading=\"lazy\" decoding=\"async\" srcset=\"https:\/\/sei.rs\/images\/vrsac-osvetljenje1.jpg 906w, https:\/\/sei.rs\/images\/vrsac-osvetljenje1-768x435.jpg 768w\" sizes=\"auto, (max-width: 906px) 100vw, 906px\" \/><\/div><\/figure>[\/vc_column][vc_column width=&#8221;1\/2&#8243;][\/vc_column][\/vc_row][vc_row][vc_column][vc_column_text css=&#8221;&#8221;]Na teritoriji grada Vr\u0161ca izvr\u0161ena je rekonstrukcija i racionalizacija sistema javnog osvetljenja u kome je bio veliki utro\u0161ak elektri\u010dne energije. Implementirano je skoro 5.600 svetiljki i ugra\u0111en je savremeni sistem upravljanja kojim se ostvaruje u\u0161teda elektri\u010dne energije za vi\u0161e od 70%. Grad Vr\u0161ac je dobio ekolo\u0161ki prihvatljiv sistem javnog osvetljenja koji je povoljniji po \u017eivotnu sredinu, bezbedniji za stanovni\u0161tvo i saobra\u0107aj i kojim se ostvaruje bolja osvetljenost za 204%. Uz novo LED javno osvetljenje zna\u010dajno se smanjuje emisija CO2 i NOx. Grad se opredelio za javno-privatno partnerstvo jer je prepoznao da za period od 12 godina tro\u0161kovi elektri\u010dne energije i odr\u017eavanja mogu biti manji za preko 3.790.000 eura, dok \u0107e se u bud\u017eetu ostvariti dodatna u\u0161teda od preko 379.000 eura.<\/p>\n<p>Smart Energy Investment Kft u saradnji sa #TehnikaADVr\u0161ac obezbe\u0111uje finansiranje investicije u celosti, ali obezbe\u0111uje i odr\u017eavanje sistema javnog osvetljenja i obavljanje svih neophodnih tehni\u010dko-tehnolo\u0161kih funkcija tokom ugovorenog perioda.[\/vc_column_text][\/vc_column][\/vc_row][vc_row][vc_column width=&#8221;1\/2&#8243;]<style>.vcex-image.vcex_69f3877fa00ec .vcex-image-img{border-radius:var(--wpex-rounded-xs);}<\/style><figure class=\"vcex-image vcex-module vcex_69f3877fa00ec\"><div class=\"vcex-image-inner wpex-relative wpex-inline-block\"><img width=\"640\" height=\"427\" src=\"https:\/\/sei.rs\/images\/vrsac-nova-rasveta1-1.jpg\" class=\"vcex-image-img wpex-align-middle\" alt=\"\" loading=\"lazy\" decoding=\"async\" \/><\/div><\/figure>[\/vc_column][vc_column width=&#8221;1\/2&#8243;][\/vc_column][\/vc_row]\n<\/div>","protected":false},"excerpt":{"rendered":"<p>[vc_row][vc_column][vc_column_text css=&#8221;&#8221;] Na teritoriji grada Vr\u0161ca zamenjen je sistem javnog osvetljenja u okviru projekta javno-privatnog partnerstva, u kome je u\u0161estvovao\u00a0Smart Energy Investment Kft. Zahvaljujemo se na saradnji Gradu #Vr\u0161ac\u00a0i\u00a0#TehnikaADVr\u0161ac. Grad Vr\u0161ac \u0107e realizacijom ovog projekta na godi\u0161njem nivou u\u0161tedeti 315.838 evra. Finansijaka sredstva koja \u0107e se na ovaj na\u010din u\u0161tedeti bi\u0107e usmerena na druge potrebe&hellip;<\/p>\n","protected":false},"author":3,"featured_media":7174,"comment_status":"closed","ping_status":"closed","sticky":false,"template":"","format":"standard","meta":{"footnotes":""},"categories":[15],"tags":[],"class_list":["post-7908","post","type-post","status-publish","format-standard","has-post-thumbnail","hentry","category-uncategorized","entry","has-media"],"_links":{"self":[{"href":"https:\/\/sei.rs\/en\/wp-json\/wp\/v2\/posts\/7908","targetHints":{"allow":["GET"]}}],"collection":[{"href":"https:\/\/sei.rs\/en\/wp-json\/wp\/v2\/posts"}],"about":[{"href":"https:\/\/sei.rs\/en\/wp-json\/wp\/v2\/types\/post"}],"author":[{"embeddable":true,"href":"https:\/\/sei.rs\/en\/wp-json\/wp\/v2\/users\/3"}],"replies":[{"embeddable":true,"href":"https:\/\/sei.rs\/en\/wp-json\/wp\/v2\/comments?post=7908"}],"version-history":[{"count":0,"href":"https:\/\/sei.rs\/en\/wp-json\/wp\/v2\/posts\/7908\/revisions"}],"wp:featuredmedia":[{"embeddable":true,"href":"https:\/\/sei.rs\/en\/wp-json\/wp\/v2\/media\/7174"}],"wp:attachment":[{"href":"https:\/\/sei.rs\/en\/wp-json\/wp\/v2\/media?parent=7908"}],"wp:term":[{"taxonomy":"category","embeddable":true,"href":"https:\/\/sei.rs\/en\/wp-json\/wp\/v2\/categories?post=7908"},{"taxonomy":"post_tag","embeddable":true,"href":"https:\/\/sei.rs\/en\/wp-json\/wp\/v2\/tags?post=7908"}],"curies":[{"name":"wp","href":"https:\/\/api.w.org\/{rel}","templated":true}]}}