{"id":7912,"date":"2020-10-10T16:06:39","date_gmt":"2020-10-10T14:06:39","guid":{"rendered":"https:\/\/sei.rs\/rekonstrukcija-javnog-osvetljenja-u-velikom-gradistu\/"},"modified":"2020-10-10T16:06:39","modified_gmt":"2020-10-10T14:06:39","slug":"rekonstrukcija-javnog-osvetljenja-u-velikom-gradistu","status":"publish","type":"post","link":"https:\/\/sei.rs\/en\/rekonstrukcija-javnog-osvetljenja-u-velikom-gradistu\/","title":{"rendered":"Rekonstrukcija javnog osvetljenja u Velikom Gradi\u0161tu"},"content":{"rendered":"<div class=\"wpb-content-wrapper\">[vc_row][vc_column][vc_column_text css=&#8221;&#8221;]\n<div dir=\"auto\">Hvala\u00a0<a href=\"https:\/\/www.linkedin.com\/company\/ebrd?trk=public_post_share-update_update-text\" rel=\"nofollow\" data-tracking-control-name=\"public_post_share-update_update-text\" data-tracking-will-navigate=\"\">EBRD<\/a> i EU na inicijativi i pomo\u0107i za razvoj projekata energetske efikasnosti, bez koje ne bi za\u017eiveli ESCO projekti u Srbiji. Jedan od na\u0161ih prvih projekata u Srbiji i me\u0111u najdra\u017eima je ovde pomenuti JPP projekat rekonstrukcije javnog osvetljenja u Velikom Gradi\u0161tu koji funkcioni\u0161e u skladu sa ugovorom i bez problema. Sve detalje o ovom projketu mo\u017eete na\u0107i <a href=\"https:\/\/sei.rs\/veliko-gradiste\/\" target=\"_blank\" rel=\"noopener\">na na\u0161em sajtu<\/a>.<\/div>\n<div dir=\"auto\"><\/div>\n<div dir=\"auto\">Hvala i na\u0161em javnom partneru, Op\u0161tini Veliko Gradi\u0161te, na\u0161im partnerskim firmama na ovom projektu i svakako na\u0161em\u00a0<a href=\"https:\/\/www.linkedin.com\/signup\/cold-join?session_redirect=https%3A%2F%2Fwww%2Elinkedin%2Ecom%2Ffeed%2Fhashtag%2Fletsseivtogether&amp;trk=public_post_share-update_update-text\" rel=\"nofollow\" data-tracking-control-name=\"public_post_share-update_update-text\" data-tracking-will-navigate=\"\">#letsSEIvtogether<\/a>\u00a0timu.<\/div>\n[\/vc_column_text][\/vc_column][\/vc_row][vc_row][vc_column width=&#8221;1\/2&#8243;]<style>.vcex-image.vcex_69f3b6caed7dc .vcex-image-img{border-radius:var(--wpex-rounded-xs);}<\/style><figure class=\"vcex-image vcex-module vcex_69f3b6caed7dc\"><div class=\"vcex-image-inner wpex-relative wpex-inline-block\"><img width=\"599\" height=\"443\" src=\"https:\/\/sei.rs\/images\/Veliko-gradiste1.jpg\" class=\"vcex-image-img wpex-align-middle\" alt=\"\" loading=\"lazy\" decoding=\"async\" \/><\/div><\/figure>[\/vc_column][vc_column width=&#8221;1\/2&#8243;][\/vc_column][\/vc_row]\n<\/div>","protected":false},"excerpt":{"rendered":"<p>[vc_row][vc_column][vc_column_text css=&#8221;&#8221;] Hvala\u00a0EBRD i EU na inicijativi i pomo\u0107i za razvoj projekata energetske efikasnosti, bez koje ne bi za\u017eiveli ESCO projekti u Srbiji. Jedan od na\u0161ih prvih projekata u Srbiji i me\u0111u najdra\u017eima je ovde pomenuti JPP projekat rekonstrukcije javnog osvetljenja u Velikom Gradi\u0161tu koji funkcioni\u0161e u skladu sa ugovorom i bez problema. Sve detalje&hellip;<\/p>\n","protected":false},"author":3,"featured_media":7168,"comment_status":"closed","ping_status":"closed","sticky":false,"template":"","format":"standard","meta":{"footnotes":""},"categories":[15],"tags":[],"class_list":["post-7912","post","type-post","status-publish","format-standard","has-post-thumbnail","hentry","category-uncategorized","entry","has-media"],"_links":{"self":[{"href":"https:\/\/sei.rs\/en\/wp-json\/wp\/v2\/posts\/7912","targetHints":{"allow":["GET"]}}],"collection":[{"href":"https:\/\/sei.rs\/en\/wp-json\/wp\/v2\/posts"}],"about":[{"href":"https:\/\/sei.rs\/en\/wp-json\/wp\/v2\/types\/post"}],"author":[{"embeddable":true,"href":"https:\/\/sei.rs\/en\/wp-json\/wp\/v2\/users\/3"}],"replies":[{"embeddable":true,"href":"https:\/\/sei.rs\/en\/wp-json\/wp\/v2\/comments?post=7912"}],"version-history":[{"count":0,"href":"https:\/\/sei.rs\/en\/wp-json\/wp\/v2\/posts\/7912\/revisions"}],"wp:featuredmedia":[{"embeddable":true,"href":"https:\/\/sei.rs\/en\/wp-json\/wp\/v2\/media\/7168"}],"wp:attachment":[{"href":"https:\/\/sei.rs\/en\/wp-json\/wp\/v2\/media?parent=7912"}],"wp:term":[{"taxonomy":"category","embeddable":true,"href":"https:\/\/sei.rs\/en\/wp-json\/wp\/v2\/categories?post=7912"},{"taxonomy":"post_tag","embeddable":true,"href":"https:\/\/sei.rs\/en\/wp-json\/wp\/v2\/tags?post=7912"}],"curies":[{"name":"wp","href":"https:\/\/api.w.org\/{rel}","templated":true}]}}