{"id":7865,"date":"2023-09-13T17:21:01","date_gmt":"2023-09-13T15:21:01","guid":{"rendered":"https:\/\/sei.rs\/zavrsena-implementacija-javnog-osvetljenja-u-opstini-coka\/"},"modified":"2023-09-13T17:21:01","modified_gmt":"2023-09-13T15:21:01","slug":"zavrsena-implementacija-javnog-osvetljenja-u-opstini-coka","status":"publish","type":"post","link":"https:\/\/sei.rs\/hu\/zavrsena-implementacija-javnog-osvetljenja-u-opstini-coka\/","title":{"rendered":"Zavr\u0161ena implementacija javnog osvetljenja u op\u0161tini \u010coka"},"content":{"rendered":"<div class=\"wpb-content-wrapper\">[vc_row][vc_column][vc_column_text css=&#8221;&#8221;]Za samo dva meseca zavr\u0161en je period pripreme i implementacije\u00a0<a href=\"https:\/\/www.linkedin.com\/feed\/hashtag\/?keywords=letsseivtogether&amp;highlightedUpdateUrns=urn%3Ali%3Aactivity%3A7082620812792406016&amp;lipi=urn%3Ali%3Apage%3Ad_flagship3_company_admin%3BwxI5ugtQSw%2BiCtXhWx%2B2ig%3D%3D\">#letsSEIvtogether<\/a>\u00a0projekta rekonstrukcije javnog osvetljenja u Op\u0161tini \u010coka, umesto predvi\u0111enih \u0161est meseci prema ugovoru.<\/p>\n<p>Implementaciju inovativne LED tehnologije realizovali su grupa ponu\u0111a\u010da koju \u010dine\u00a0<a href=\"https:\/\/www.linkedin.com\/company\/interenergo-doo\/\"><em>Interenergo Group<\/em><\/a>\u00a0i\u00a0<a href=\"https:\/\/www.linkedin.com\/company\/seikft\/\"><em>Smart Energy Investment Kft<\/em><\/a>.<\/p>\n<p>\u201c<em>Mala Op\u0161tina \u010coka, sa vi\u0161e nego skromnim bud\u017eetom, ovim\u00a0<\/em><a href=\"https:\/\/www.linkedin.com\/feed\/hashtag\/?keywords=jpp&amp;highlightedUpdateUrns=urn%3Ali%3Aactivity%3A7082620812792406016\"><em>#JPP<\/em><\/a><em>-om ostvaruje veliku u\u0161tedu kroz efikasnije kori\u0161\u0107enje energije, smanjenje emisije CO<sub>2<\/sub>\u00a0i smanjenje operativnih tro\u0161kova funkcionisanja i odr\u017eavanja sistema javne rasvete<\/em>\u201c rekla je predsednica Op\u0161tine \u010coka, gospo\u0111a Stana \u0110ember.<\/p>\n<p>Postavljeno je i uspe\u0161no integrisano u lokalnu infrastrukturu 1.698 novih LED svetiljki\u00a0<a href=\"https:\/\/www.linkedin.com\/company\/zumtobel-group\/\"><em>Zumtobel Group<\/em><\/a>\u00a0<a href=\"https:\/\/www.linkedin.com\/company\/thorn-lighting\/\"><strong>Thorn Lighting<\/strong>\u00a0<\/a>.<\/p>\n<p>Novi sistem javnog osvetljenja doprine\u0107e i zna\u010dajnim finansijskim u\u0161tedama, a prema o\u010dekivanjima\u00a0u bud\u017eetu op\u0161tine \u0107e ostati vi\u0161e od 70.000 EUR.<\/p>\n<p>Pro\u010ditaj vi\u0161e na sajtu <a href=\"https:\/\/www.ekapija.com\/news\/4284418\/za-samo-dva-meseca-zavrsena-implementacija-javnog-osvetljenja-u-opstini-coka\" target=\"_blank\" rel=\"noopener\">eKapija<\/a>.[\/vc_column_text][\/vc_column][\/vc_row][vc_row][vc_column width=&#8221;1\/2&#8243;]<style>.vcex-image.vcex_69f3bab6c80d8 .vcex-image-img{border-radius:var(--wpex-rounded-xs);}<\/style><figure class=\"vcex-image vcex-module vcex_69f3bab6c80d8\"><div class=\"vcex-image-inner wpex-relative wpex-inline-block\"><img width=\"901\" height=\"600\" src=\"https:\/\/sei.rs\/images\/0051.jpg\" class=\"vcex-image-img wpex-align-middle\" alt=\"\" loading=\"lazy\" decoding=\"async\" srcset=\"https:\/\/sei.rs\/images\/0051.jpg 901w, https:\/\/sei.rs\/images\/0051-768x511.jpg 768w\" sizes=\"auto, (max-width: 901px) 100vw, 901px\" \/><\/div><\/figure>[\/vc_column][vc_column width=&#8221;1\/2&#8243;][\/vc_column][\/vc_row]\n<\/div>","protected":false},"excerpt":{"rendered":"<p>[vc_row][vc_column][vc_column_text css=&#8221;&#8221;]Za samo dva meseca zavr\u0161en je period pripreme i implementacije\u00a0#letsSEIvtogether\u00a0projekta rekonstrukcije javnog osvetljenja u Op\u0161tini \u010coka, umesto predvi\u0111enih \u0161est meseci prema ugovoru. Implementaciju inovativne LED tehnologije realizovali su grupa ponu\u0111a\u010da koju \u010dine\u00a0Interenergo Group\u00a0i\u00a0Smart Energy Investment Kft. \u201cMala Op\u0161tina \u010coka, sa vi\u0161e nego skromnim bud\u017eetom, ovim\u00a0#JPP-om ostvaruje veliku u\u0161tedu kroz efikasnije kori\u0161\u0107enje energije, smanjenje emisije&hellip;<\/p>\n","protected":false},"author":3,"featured_media":7261,"comment_status":"closed","ping_status":"closed","sticky":false,"template":"","format":"standard","meta":{"footnotes":""},"categories":[16],"tags":[],"class_list":["post-7865","post","type-post","status-publish","format-standard","has-post-thumbnail","hentry","category-uncategorized-hu","entry","has-media"],"_links":{"self":[{"href":"https:\/\/sei.rs\/hu\/wp-json\/wp\/v2\/posts\/7865","targetHints":{"allow":["GET"]}}],"collection":[{"href":"https:\/\/sei.rs\/hu\/wp-json\/wp\/v2\/posts"}],"about":[{"href":"https:\/\/sei.rs\/hu\/wp-json\/wp\/v2\/types\/post"}],"author":[{"embeddable":true,"href":"https:\/\/sei.rs\/hu\/wp-json\/wp\/v2\/users\/3"}],"replies":[{"embeddable":true,"href":"https:\/\/sei.rs\/hu\/wp-json\/wp\/v2\/comments?post=7865"}],"version-history":[{"count":0,"href":"https:\/\/sei.rs\/hu\/wp-json\/wp\/v2\/posts\/7865\/revisions"}],"wp:featuredmedia":[{"embeddable":true,"href":"https:\/\/sei.rs\/hu\/wp-json\/wp\/v2\/media\/7261"}],"wp:attachment":[{"href":"https:\/\/sei.rs\/hu\/wp-json\/wp\/v2\/media?parent=7865"}],"wp:term":[{"taxonomy":"category","embeddable":true,"href":"https:\/\/sei.rs\/hu\/wp-json\/wp\/v2\/categories?post=7865"},{"taxonomy":"post_tag","embeddable":true,"href":"https:\/\/sei.rs\/hu\/wp-json\/wp\/v2\/tags?post=7865"}],"curies":[{"name":"wp","href":"https:\/\/api.w.org\/{rel}","templated":true}]}}