{"id":7879,"date":"2021-12-25T17:08:39","date_gmt":"2021-12-25T16:08:39","guid":{"rendered":"https:\/\/sei.rs\/novogodisnji-koktel-u-zaduzbini-ilije-m-kolarca-2022\/"},"modified":"2021-12-25T17:08:39","modified_gmt":"2021-12-25T16:08:39","slug":"novogodisnji-koktel-u-zaduzbini-ilije-m-kolarca-2022","status":"publish","type":"post","link":"https:\/\/sei.rs\/hu\/novogodisnji-koktel-u-zaduzbini-ilije-m-kolarca-2022\/","title":{"rendered":"Novogodi\u0161nji koktel u Zadu\u017ebini Ilije M. Kolarca"},"content":{"rendered":"<div class=\"wpb-content-wrapper\">[vc_row][vc_column][vc_column_text css=&#8221;&#8221;]U Zadu\u017ebini Ilije M. Kolarca novogodi\u0161njim koncertom i koktelom obele\u017eili smo jo\u0161 jednu uspe\u0161nu poslovnu godinu.<\/p>\n<p>Na\u0161i prijatelji i partneri imali su priliku da, pod dirigentskom palicom Danijela Gajsa, u\u017eivaju u jedinstvenom izvo\u0111enju koncerta Beogradskog kamernog orkestra i u sinergiji kulture i privrede. Tim putem, ispratili smo ovaj orkestar na nastup u presti\u017enoj sali\u00a0<em>Elbphiharmonie<\/em>\u00a0u Hamburgu.<\/p>\n<p>Na poziv organizatora projekta \u201cZimska pri\u010da\u201d koji se odr\u017eava tradicionalno svake godine u\u00a0<em>Elbphilharmonie\u00a0<\/em>u Hamburgu, Beogradski kamerni orkestar je odr\u017eao sedam koncerata u periodu od 22. do 27. decembra. U\u010de\u0161\u0107em u ovom projektu, orkestar je bio prvi ansambl iz Srbije i regiona koji je nastupao u ovoj luksuznoj sali sa renomiranim solistima kao \u0161to su Daniel Hope, Fatma Said i Lucienne Renaudin Vary.<\/p>\n<p>Na po\u010detku doga\u0111aja publici su se obratili predsednica Upravnog odbora Kolarca, Gorica Popovi\u0107, na\u0161 dragi prijatelj prof. dr Franz Schausberger, osniva\u010d\u00a0<a href=\"https:\/\/www.linkedin.com\/company\/institut-der-regionen-europas-ire-\/\">Institute of the Regions of Europe\u00a0<em>(IRE<\/em>, Austrija)<\/a>\u00a0i direktor kompanije Smart Energy Investment, Obrad Tadi\u0107.<\/p>\n<p>Privilegija nam je bila da uva\u017eimo partnere sa kojima smo ostvarili #letsSEIvtogether pri\u010du. Sinergija koja nas je spojila na Novogodi\u0161njem programu u Zadu\u017ebini jeste ono \u010demu \u0107emo te\u017eiti i u narednim godinama.<\/p>\n<p>Zahvaljujemo se prijateljima i partnerima koji su svojim prisustvom upotpunili na\u0161u proslavu i koji su sa nama u\u017eivali u radosti darivanja![\/vc_column_text][\/vc_column][\/vc_row][vc_row][vc_column width=&#8221;1\/2&#8243;]<style>.vcex-image.vcex_69efa8f53a521 .vcex-image-img{border-radius:var(--wpex-rounded-xs);}<\/style><figure class=\"vcex-image vcex-module vcex_69efa8f53a521\"><div class=\"vcex-image-inner wpex-relative wpex-inline-block\"><img width=\"874\" height=\"1240\" src=\"https:\/\/sei.rs\/images\/SEI_Kolarac_11.jpg\" class=\"vcex-image-img wpex-align-middle\" alt=\"\" loading=\"lazy\" decoding=\"async\" srcset=\"https:\/\/sei.rs\/images\/SEI_Kolarac_11.jpg 874w, https:\/\/sei.rs\/images\/SEI_Kolarac_11-768x1090.jpg 768w\" sizes=\"auto, (max-width: 874px) 100vw, 874px\" \/><\/div><\/figure>[\/vc_column][vc_column width=&#8221;1\/2&#8243;]<style>.vcex-image.vcex_69efa8f53c2d4 .vcex-image-img{border-radius:var(--wpex-rounded-xs);}<\/style><figure class=\"vcex-image vcex-module vcex_69efa8f53c2d4\"><div class=\"vcex-image-inner wpex-relative wpex-inline-block\"><img width=\"874\" height=\"1240\" src=\"https:\/\/sei.rs\/images\/SEI_Kolarac_21.jpg\" class=\"vcex-image-img wpex-align-middle\" alt=\"\" loading=\"lazy\" decoding=\"async\" srcset=\"https:\/\/sei.rs\/images\/SEI_Kolarac_21.jpg 874w, https:\/\/sei.rs\/images\/SEI_Kolarac_21-768x1090.jpg 768w\" sizes=\"auto, (max-width: 874px) 100vw, 874px\" \/><\/div><\/figure>[\/vc_column][\/vc_row][vc_row][vc_column width=&#8221;1\/2&#8243;]<style>.vcex-image.vcex_69efa8f53c880 .vcex-image-img{border-radius:var(--wpex-rounded-xs);}<\/style><figure class=\"vcex-image vcex-module vcex_69efa8f53c880\"><div class=\"vcex-image-inner wpex-relative wpex-inline-block\"><img width=\"874\" height=\"1240\" src=\"https:\/\/sei.rs\/images\/SEI_Kolarac_31.jpg\" class=\"vcex-image-img wpex-align-middle\" alt=\"\" loading=\"lazy\" decoding=\"async\" srcset=\"https:\/\/sei.rs\/images\/SEI_Kolarac_31.jpg 874w, https:\/\/sei.rs\/images\/SEI_Kolarac_31-768x1090.jpg 768w\" sizes=\"auto, (max-width: 874px) 100vw, 874px\" \/><\/div><\/figure>[\/vc_column][vc_column width=&#8221;1\/2&#8243;]<style>.vcex-image.vcex_69efa8f53cd53 .vcex-image-img{border-radius:var(--wpex-rounded-xs);}<\/style><figure class=\"vcex-image vcex-module vcex_69efa8f53cd53\"><div class=\"vcex-image-inner wpex-relative wpex-inline-block\"><img width=\"874\" height=\"1240\" src=\"https:\/\/sei.rs\/images\/SEI_Kolarac_41.jpg\" class=\"vcex-image-img wpex-align-middle\" alt=\"\" loading=\"lazy\" decoding=\"async\" srcset=\"https:\/\/sei.rs\/images\/SEI_Kolarac_41.jpg 874w, https:\/\/sei.rs\/images\/SEI_Kolarac_41-768x1090.jpg 768w\" sizes=\"auto, (max-width: 874px) 100vw, 874px\" \/><\/div><\/figure>[\/vc_column][\/vc_row][vc_row][vc_column width=&#8221;1\/2&#8243;]<style>.vcex-image.vcex_69efa8f53d384 .vcex-image-img{border-radius:var(--wpex-rounded-xs);}<\/style><figure class=\"vcex-image vcex-module vcex_69efa8f53d384\"><div class=\"vcex-image-inner wpex-relative wpex-inline-block\"><img width=\"874\" height=\"1240\" src=\"https:\/\/sei.rs\/images\/SEI_Kolarac_51.jpg\" class=\"vcex-image-img wpex-align-middle\" alt=\"\" loading=\"lazy\" decoding=\"async\" srcset=\"https:\/\/sei.rs\/images\/SEI_Kolarac_51.jpg 874w, https:\/\/sei.rs\/images\/SEI_Kolarac_51-768x1090.jpg 768w\" sizes=\"auto, (max-width: 874px) 100vw, 874px\" \/><\/div><\/figure>[\/vc_column][vc_column width=&#8221;1\/2&#8243;]<style>.vcex-image.vcex_69efa8f53d833 .vcex-image-img{border-radius:var(--wpex-rounded-xs);}<\/style><figure class=\"vcex-image vcex-module vcex_69efa8f53d833\"><div class=\"vcex-image-inner wpex-relative wpex-inline-block\"><img width=\"874\" height=\"1240\" src=\"https:\/\/sei.rs\/images\/SEI_Kolarac_61.jpg\" class=\"vcex-image-img wpex-align-middle\" alt=\"\" loading=\"lazy\" decoding=\"async\" srcset=\"https:\/\/sei.rs\/images\/SEI_Kolarac_61.jpg 874w, https:\/\/sei.rs\/images\/SEI_Kolarac_61-768x1090.jpg 768w\" sizes=\"auto, (max-width: 874px) 100vw, 874px\" \/><\/div><\/figure>[\/vc_column][\/vc_row][vc_row][vc_column width=&#8221;1\/2&#8243;]<style>.vcex-image.vcex_69efa8f53dc7c .vcex-image-img{border-radius:var(--wpex-rounded-xs);}<\/style><figure class=\"vcex-image vcex-module vcex_69efa8f53dc7c\"><div class=\"vcex-image-inner wpex-relative wpex-inline-block\"><img width=\"874\" height=\"1240\" src=\"https:\/\/sei.rs\/images\/SEI_Kolarac_71.jpg\" class=\"vcex-image-img wpex-align-middle\" alt=\"\" loading=\"lazy\" decoding=\"async\" srcset=\"https:\/\/sei.rs\/images\/SEI_Kolarac_71.jpg 874w, https:\/\/sei.rs\/images\/SEI_Kolarac_71-768x1090.jpg 768w\" sizes=\"auto, (max-width: 874px) 100vw, 874px\" \/><\/div><\/figure>[\/vc_column][vc_column width=&#8221;1\/2&#8243;]<style>.vcex-image.vcex_69efa8f53e0ff .vcex-image-img{border-radius:var(--wpex-rounded-xs);}<\/style><figure class=\"vcex-image vcex-module vcex_69efa8f53e0ff\"><div class=\"vcex-image-inner wpex-relative wpex-inline-block\"><img width=\"874\" height=\"1240\" src=\"https:\/\/sei.rs\/images\/SEI_Kolarac_81.jpg\" class=\"vcex-image-img wpex-align-middle\" alt=\"\" loading=\"lazy\" decoding=\"async\" srcset=\"https:\/\/sei.rs\/images\/SEI_Kolarac_81.jpg 874w, https:\/\/sei.rs\/images\/SEI_Kolarac_81-768x1090.jpg 768w\" sizes=\"auto, (max-width: 874px) 100vw, 874px\" \/><\/div><\/figure>[\/vc_column][\/vc_row]\n<\/div>","protected":false},"excerpt":{"rendered":"<p>[vc_row][vc_column][vc_column_text css=&#8221;&#8221;]U Zadu\u017ebini Ilije M. Kolarca novogodi\u0161njim koncertom i koktelom obele\u017eili smo jo\u0161 jednu uspe\u0161nu poslovnu godinu. Na\u0161i prijatelji i partneri imali su priliku da, pod dirigentskom palicom Danijela Gajsa, u\u017eivaju u jedinstvenom izvo\u0111enju koncerta Beogradskog kamernog orkestra i u sinergiji kulture i privrede. Tim putem, ispratili smo ovaj orkestar na nastup u presti\u017enoj sali\u00a0Elbphiharmonie\u00a0u&hellip;<\/p>\n","protected":false},"author":3,"featured_media":7243,"comment_status":"closed","ping_status":"closed","sticky":false,"template":"","format":"standard","meta":{"footnotes":""},"categories":[16],"tags":[],"class_list":["post-7879","post","type-post","status-publish","format-standard","has-post-thumbnail","hentry","category-uncategorized-hu","entry","has-media"],"_links":{"self":[{"href":"https:\/\/sei.rs\/hu\/wp-json\/wp\/v2\/posts\/7879","targetHints":{"allow":["GET"]}}],"collection":[{"href":"https:\/\/sei.rs\/hu\/wp-json\/wp\/v2\/posts"}],"about":[{"href":"https:\/\/sei.rs\/hu\/wp-json\/wp\/v2\/types\/post"}],"author":[{"embeddable":true,"href":"https:\/\/sei.rs\/hu\/wp-json\/wp\/v2\/users\/3"}],"replies":[{"embeddable":true,"href":"https:\/\/sei.rs\/hu\/wp-json\/wp\/v2\/comments?post=7879"}],"version-history":[{"count":0,"href":"https:\/\/sei.rs\/hu\/wp-json\/wp\/v2\/posts\/7879\/revisions"}],"wp:featuredmedia":[{"embeddable":true,"href":"https:\/\/sei.rs\/hu\/wp-json\/wp\/v2\/media\/7243"}],"wp:attachment":[{"href":"https:\/\/sei.rs\/hu\/wp-json\/wp\/v2\/media?parent=7879"}],"wp:term":[{"taxonomy":"category","embeddable":true,"href":"https:\/\/sei.rs\/hu\/wp-json\/wp\/v2\/categories?post=7879"},{"taxonomy":"post_tag","embeddable":true,"href":"https:\/\/sei.rs\/hu\/wp-json\/wp\/v2\/tags?post=7879"}],"curies":[{"name":"wp","href":"https:\/\/api.w.org\/{rel}","templated":true}]}}