{"id":7883,"date":"2021-04-26T16:58:19","date_gmt":"2021-04-26T14:58:19","guid":{"rendered":"https:\/\/sei.rs\/zamena-sistema-javnog-osvetljenja-u-zajecaru\/"},"modified":"2021-04-26T16:58:19","modified_gmt":"2021-04-26T14:58:19","slug":"zamena-sistema-javnog-osvetljenja-u-zajecaru","status":"publish","type":"post","link":"https:\/\/sei.rs\/hu\/zamena-sistema-javnog-osvetljenja-u-zajecaru\/","title":{"rendered":"Zamena sistema javnog osvetljenja u Zaje\u010daru"},"content":{"rendered":"<div class=\"wpb-content-wrapper\">[vc_row][vc_column][vc_column_text css=&#8221;&#8221;]U gradu Zaje\u010daru u toku su zavr\u0161ni radovi u okviru zamene sistema javnog osvetljenja primenom mera u\u0161tede energije. Dosada\u0161nja godi\u0161nja potro\u0161nja bila je oko 615 hiljada evra, a za 15 godina, na koliko je potpisan ugovor, utro\u0161ak \u0107e biti oko 1.1 miliona evra manji nego do sada.<\/p>\n<p>Grad Zaje\u010dar \u0107e ostvariti ove zna\u010dajne finansijske u\u0161tede, bez sopstvenog ulaganja, jer sve tro\u0161kove snosi privatni partner. U narednom periodu o\u010dekuje se porast cene elektri\u010dne energije, a samim tim \u0107e i u\u0161teda na ovom projektu biti mnogo ve\u0107a od planirane.<\/p>\n<p>Pro\u010ditaj vi\u0161e na <a href=\"https:\/\/bizlife.rs\/grad-zajecar-javno-privatnim-patnerstvom-stedi-za-15-godina-vise-od-1-1-milion-eur-bez-sopstvenog-ulaganja\/\" target=\"_blank\" rel=\"noopener\">Bizlife<\/a>.[\/vc_column_text][\/vc_column][\/vc_row][vc_row][vc_column width=&#8221;1\/2&#8243;]<style>.vcex-image.vcex_69f1ffda23ffa .vcex-image-img{border-radius:var(--wpex-rounded-xs);}<\/style><figure class=\"vcex-image vcex-module vcex_69f1ffda23ffa\"><div class=\"vcex-image-inner wpex-relative wpex-inline-block\"><img width=\"1080\" height=\"720\" src=\"https:\/\/sei.rs\/images\/zajecar-1-1080x7201-1.jpg\" class=\"vcex-image-img wpex-align-middle\" alt=\"\" loading=\"lazy\" decoding=\"async\" srcset=\"https:\/\/sei.rs\/images\/zajecar-1-1080x7201-1.jpg 1080w, https:\/\/sei.rs\/images\/zajecar-1-1080x7201-1-768x512.jpg 768w\" sizes=\"auto, (max-width: 1080px) 100vw, 1080px\" \/><\/div><\/figure>[\/vc_column][vc_column width=&#8221;1\/2&#8243;][\/vc_column][\/vc_row]\n<\/div>","protected":false},"excerpt":{"rendered":"<p>[vc_row][vc_column][vc_column_text css=&#8221;&#8221;]U gradu Zaje\u010daru u toku su zavr\u0161ni radovi u okviru zamene sistema javnog osvetljenja primenom mera u\u0161tede energije. Dosada\u0161nja godi\u0161nja potro\u0161nja bila je oko 615 hiljada evra, a za 15 godina, na koliko je potpisan ugovor, utro\u0161ak \u0107e biti oko 1.1 miliona evra manji nego do sada. Grad Zaje\u010dar \u0107e ostvariti ove zna\u010dajne finansijske&hellip;<\/p>\n","protected":false},"author":3,"featured_media":7219,"comment_status":"closed","ping_status":"closed","sticky":false,"template":"","format":"standard","meta":{"footnotes":""},"categories":[16],"tags":[],"class_list":["post-7883","post","type-post","status-publish","format-standard","has-post-thumbnail","hentry","category-uncategorized-hu","entry","has-media"],"_links":{"self":[{"href":"https:\/\/sei.rs\/hu\/wp-json\/wp\/v2\/posts\/7883","targetHints":{"allow":["GET"]}}],"collection":[{"href":"https:\/\/sei.rs\/hu\/wp-json\/wp\/v2\/posts"}],"about":[{"href":"https:\/\/sei.rs\/hu\/wp-json\/wp\/v2\/types\/post"}],"author":[{"embeddable":true,"href":"https:\/\/sei.rs\/hu\/wp-json\/wp\/v2\/users\/3"}],"replies":[{"embeddable":true,"href":"https:\/\/sei.rs\/hu\/wp-json\/wp\/v2\/comments?post=7883"}],"version-history":[{"count":0,"href":"https:\/\/sei.rs\/hu\/wp-json\/wp\/v2\/posts\/7883\/revisions"}],"wp:featuredmedia":[{"embeddable":true,"href":"https:\/\/sei.rs\/hu\/wp-json\/wp\/v2\/media\/7219"}],"wp:attachment":[{"href":"https:\/\/sei.rs\/hu\/wp-json\/wp\/v2\/media?parent=7883"}],"wp:term":[{"taxonomy":"category","embeddable":true,"href":"https:\/\/sei.rs\/hu\/wp-json\/wp\/v2\/categories?post=7883"},{"taxonomy":"post_tag","embeddable":true,"href":"https:\/\/sei.rs\/hu\/wp-json\/wp\/v2\/tags?post=7883"}],"curies":[{"name":"wp","href":"https:\/\/api.w.org\/{rel}","templated":true}]}}