{"id":7911,"date":"2020-10-13T16:07:56","date_gmt":"2020-10-13T14:07:56","guid":{"rendered":"https:\/\/sei.rs\/3-konferencija-o-javno-privatnom-partnerstvu\/"},"modified":"2020-10-13T16:07:56","modified_gmt":"2020-10-13T14:07:56","slug":"3-konferencija-o-javno-privatnom-partnerstvu","status":"publish","type":"post","link":"https:\/\/sei.rs\/hu\/3-konferencija-o-javno-privatnom-partnerstvu\/","title":{"rendered":"3. konferencija o javno-privatnom partnerstvu"},"content":{"rendered":"<div class=\"wpb-content-wrapper\">[vc_row][vc_column][vc_column_text css=&#8221;&#8221;]\n<div dir=\"auto\">Poslednjih godina Evropska unija podr\u017eava sve ve\u0107e u\u010de\u0161\u0107e javno-privatnog partnerstva u Srbiji. Do sada je investirano dve i po milijarde evra koja je dovela do pove\u0107anja vrednosti javne imovine. Pogledajte panel sa tre\u0107e po redu konferencije o javno-privatnom partnerstvu koja je odr\u017eana u Beogradu putem online platforme. Moderator panela bila je\u00a0<a href=\"https:\/\/rs.linkedin.com\/in\/jelena-tadi%C4%87-48891923?trk=public_post_share-update_update-text\" rel=\"nofollow\" data-tracking-control-name=\"public_post_share-update_update-text\" data-tracking-will-navigate=\"\">Jelena Tadi\u0107<\/a>, izvr\u0161ni direktor\u00a0<a href=\"https:\/\/www.linkedin.com\/company\/ppp-investment-ltd?trk=public_post_share-update_update-text\" rel=\"nofollow\" data-tracking-control-name=\"public_post_share-update_update-text\" data-tracking-will-navigate=\"\">PPP Investment Ltd<\/a>, a u\u010desnici su bili Dragan Mili\u0107, predsednik op\u0161tine Veliko Gradi\u0161te, \u0110or\u0111e Radinovi\u0107, predsednik op\u0161tine Stara Pazova i Andrijana Jovanovi\u0107, zamenica predsednika Komisije za javno-privatno partnerstvo.<\/div>\n[\/vc_column_text][\/vc_column][\/vc_row][vc_row][vc_column width=&#8221;1\/2&#8243;][vc_video link=&#8221;https:\/\/www.youtube.com\/watch?v=AXcAxT0eY_I&#8221; css=&#8221;&#8221;][\/vc_column][vc_column width=&#8221;1\/2&#8243;][\/vc_column][\/vc_row]\n<\/div>","protected":false},"excerpt":{"rendered":"<p>[vc_row][vc_column][vc_column_text css=&#8221;&#8221;] Poslednjih godina Evropska unija podr\u017eava sve ve\u0107e u\u010de\u0161\u0107e javno-privatnog partnerstva u Srbiji. Do sada je investirano dve i po milijarde evra koja je dovela do pove\u0107anja vrednosti javne imovine. Pogledajte panel sa tre\u0107e po redu konferencije o javno-privatnom partnerstvu koja je odr\u017eana u Beogradu putem online platforme. Moderator panela bila je\u00a0Jelena Tadi\u0107, izvr\u0161ni&hellip;<\/p>\n","protected":false},"author":3,"featured_media":7195,"comment_status":"closed","ping_status":"closed","sticky":false,"template":"","format":"standard","meta":{"footnotes":""},"categories":[16],"tags":[],"class_list":["post-7911","post","type-post","status-publish","format-standard","has-post-thumbnail","hentry","category-uncategorized-hu","entry","has-media"],"_links":{"self":[{"href":"https:\/\/sei.rs\/hu\/wp-json\/wp\/v2\/posts\/7911","targetHints":{"allow":["GET"]}}],"collection":[{"href":"https:\/\/sei.rs\/hu\/wp-json\/wp\/v2\/posts"}],"about":[{"href":"https:\/\/sei.rs\/hu\/wp-json\/wp\/v2\/types\/post"}],"author":[{"embeddable":true,"href":"https:\/\/sei.rs\/hu\/wp-json\/wp\/v2\/users\/3"}],"replies":[{"embeddable":true,"href":"https:\/\/sei.rs\/hu\/wp-json\/wp\/v2\/comments?post=7911"}],"version-history":[{"count":0,"href":"https:\/\/sei.rs\/hu\/wp-json\/wp\/v2\/posts\/7911\/revisions"}],"wp:featuredmedia":[{"embeddable":true,"href":"https:\/\/sei.rs\/hu\/wp-json\/wp\/v2\/media\/7195"}],"wp:attachment":[{"href":"https:\/\/sei.rs\/hu\/wp-json\/wp\/v2\/media?parent=7911"}],"wp:term":[{"taxonomy":"category","embeddable":true,"href":"https:\/\/sei.rs\/hu\/wp-json\/wp\/v2\/categories?post=7911"},{"taxonomy":"post_tag","embeddable":true,"href":"https:\/\/sei.rs\/hu\/wp-json\/wp\/v2\/tags?post=7911"}],"curies":[{"name":"wp","href":"https:\/\/api.w.org\/{rel}","templated":true}]}}